{"id":7145,"date":"2023-06-29T16:55:14","date_gmt":"2023-06-29T19:55:14","guid":{"rendered":"https:\/\/granprimevans.com.br\/novosite\/?p=7145"},"modified":"2026-03-03T14:56:52","modified_gmt":"2026-03-03T17:56:52","slug":"dicas-para-alugar-uma-van-para-seu-transporte-de-forma-segura","status":"publish","type":"post","link":"https:\/\/www.granprimevans.com.br\/dicas-para-alugar-uma-van-para-seu-transporte-de-forma-segura\/","title":{"rendered":"Dicas para alugar uma van para seu transporte de forma segura!"},"content":{"rendered":"<p>Alugar uma van parece uma tarefa simples, mas sem os devidos cuidados pode causar uma grande dor de cabe\u00e7a. Portanto, antes de alugar um transporte, \u00e9 necess\u00e1rio tomar uma s\u00e9rie de cuidados para garantir uma viagem segura e tranquila. Abaixo est\u00e3o algumas dicas para ajud\u00e1-lo no momento. Confira!<\/p>\n<p>1) Verifique se a van est\u00e1 cadastrada e autorizada: \u00c9 importante que a empresa propriet\u00e1ria da van possa operar legalmente. De acordo com o fretamento (intermunicipal, interestadual, etc.), os ve\u00edculos devem ter autoriza\u00e7\u00e3o para determinadas viagens. Para isso, verifique os sites de gestores p\u00fablicos, como Artesp e ANTT, que cont\u00eam a rela\u00e7\u00e3o das empresas licenciadas.<\/p>\n<p>2) Pesquise se a van est\u00e1 normal e possui restri\u00e7\u00e3o de tr\u00e1fego: Para isso, acesse o site do Sinesp Cidad\u00e3o ou baixe o aplicativo com o mesmo nome. Nesse sistema, voc\u00ea pode consultar informa\u00e7\u00f5es por meio da placa do ve\u00edculo.<\/p>\n<p>3) Analise o ponto de parada da van: Se a van n\u00e3o for adequada para o seu grupo fechado, e voc\u00ea definir a sa\u00edda e o destino, verifique se o embarque e o desembarque atendem \u00e0s suas necessidades e tempo de viagem. Rotas com v\u00e1rios pontos podem aumentar a dura\u00e7\u00e3o da rota. Neste caso, consulte a empresa.<\/p>\n<p>4) Em caso de avaria, verifique se a empresa tem plano de substitui\u00e7\u00e3o do ve\u00edculo: a substitui\u00e7\u00e3o imediata da Van, \u00e9 importante para reduzir o inc\u00f3modo. Em seguida, verifique se a empresa tem um carro sobressalente ou plano de resgate ao longo do caminho.<\/p>\n<p>5) Prefer\u00eancia pelo uso de vans novas e manuten\u00e7\u00e3o em dia: Ve\u00edculos modernos e bem conservados passaram por revis\u00e3o e manuten\u00e7\u00e3o em dia, o que pode evitar que voc\u00ea tenha \u201cdor de cabe\u00e7a\u201d ao alugar um carro.<\/p>\n","protected":false},"excerpt":{"rendered":"<p>Alugar uma van parece uma tarefa simples, mas sem os devidos cuidados pode causar uma grande dor de cabe\u00e7a. Portanto, [&hellip;]<\/p>\n","protected":false},"author":1,"featured_media":7131,"comment_status":"open","ping_status":"open","sticky":false,"template":"elementor_canvas","format":"standard","meta":{"site-sidebar-layout":"default","site-content-layout":"","ast-site-content-layout":"default","site-content-style":"default","site-sidebar-style":"default","ast-global-header-display":"","ast-banner-title-visibility":"","ast-main-header-display":"","ast-hfb-above-header-display":"","ast-hfb-below-header-display":"","ast-hfb-mobile-header-display":"","site-post-title":"","ast-breadcrumbs-content":"","ast-featured-img":"","footer-sml-layout":"","ast-disable-related-posts":"","theme-transparent-header-meta":"","adv-header-id-meta":"","stick-header-meta":"","header-above-stick-meta":"","header-main-stick-meta":"","header-below-stick-meta":"","astra-migrate-meta-layouts":"default","ast-page-background-enabled":"default","ast-page-background-meta":{"desktop":{"background-color":"var(--ast-global-color-5)","background-image":"","background-repeat":"repeat","background-position":"center center","background-size":"auto","background-attachment":"scroll","background-type":"","background-media":"","overlay-type":"","overlay-color":"","overlay-opacity":"","overlay-gradient":""},"tablet":{"background-color":"","background-image":"","background-repeat":"repeat","background-position":"center center","background-size":"auto","background-attachment":"scroll","background-type":"","background-media":"","overlay-type":"","overlay-color":"","overlay-opacity":"","overlay-gradient":""},"mobile":{"background-color":"","background-image":"","background-repeat":"repeat","background-position":"center center","background-size":"auto","background-attachment":"scroll","background-type":"","background-media":"","overlay-type":"","overlay-color":"","overlay-opacity":"","overlay-gradient":""}},"ast-content-background-meta":{"desktop":{"background-color":"var(--ast-global-color-4)","background-image":"","background-repeat":"repeat","background-position":"center center","background-size":"auto","background-attachment":"scroll","background-type":"","background-media":"","overlay-type":"","overlay-color":"","overlay-opacity":"","overlay-gradient":""},"tablet":{"background-color":"var(--ast-global-color-4)","background-image":"","background-repeat":"repeat","background-position":"center center","background-size":"auto","background-attachment":"scroll","background-type":"","background-media":"","overlay-type":"","overlay-color":"","overlay-opacity":"","overlay-gradient":""},"mobile":{"background-color":"var(--ast-global-color-4)","background-image":"","background-repeat":"repeat","background-position":"center center","background-size":"auto","background-attachment":"scroll","background-type":"","background-media":"","overlay-type":"","overlay-color":"","overlay-opacity":"","overlay-gradient":""}},"footnotes":""},"categories":[70],"tags":[],"class_list":["post-7145","post","type-post","status-publish","format-standard","has-post-thumbnail","hentry","category-granprime-vans"],"_links":{"self":[{"href":"https:\/\/www.granprimevans.com.br\/wp-json\/wp\/v2\/posts\/7145","targetHints":{"allow":["GET"]}}],"collection":[{"href":"https:\/\/www.granprimevans.com.br\/wp-json\/wp\/v2\/posts"}],"about":[{"href":"https:\/\/www.granprimevans.com.br\/wp-json\/wp\/v2\/types\/post"}],"author":[{"embeddable":true,"href":"https:\/\/www.granprimevans.com.br\/wp-json\/wp\/v2\/users\/1"}],"replies":[{"embeddable":true,"href":"https:\/\/www.granprimevans.com.br\/wp-json\/wp\/v2\/comments?post=7145"}],"version-history":[{"count":2,"href":"https:\/\/www.granprimevans.com.br\/wp-json\/wp\/v2\/posts\/7145\/revisions"}],"predecessor-version":[{"id":7759,"href":"https:\/\/www.granprimevans.com.br\/wp-json\/wp\/v2\/posts\/7145\/revisions\/7759"}],"wp:featuredmedia":[{"embeddable":true,"href":"https:\/\/www.granprimevans.com.br\/wp-json\/wp\/v2\/media\/7131"}],"wp:attachment":[{"href":"https:\/\/www.granprimevans.com.br\/wp-json\/wp\/v2\/media?parent=7145"}],"wp:term":[{"taxonomy":"category","embeddable":true,"href":"https:\/\/www.granprimevans.com.br\/wp-json\/wp\/v2\/categories?post=7145"},{"taxonomy":"post_tag","embeddable":true,"href":"https:\/\/www.granprimevans.com.br\/wp-json\/wp\/v2\/tags?post=7145"}],"curies":[{"name":"wp","href":"https:\/\/api.w.org\/{rel}","templated":true}]}}