{"id":7147,"date":"2023-06-29T16:58:40","date_gmt":"2023-06-29T19:58:40","guid":{"rendered":"https:\/\/granprimevans.com.br\/novosite\/?p=7147"},"modified":"2026-03-03T14:54:43","modified_gmt":"2026-03-03T17:54:43","slug":"qual-e-a-diferenca-entre-o-alugar-uma-van-para-um-fretamento-continuo-ou-eventual","status":"publish","type":"post","link":"https:\/\/www.granprimevans.com.br\/qual-e-a-diferenca-entre-o-alugar-uma-van-para-um-fretamento-continuo-ou-eventual\/","title":{"rendered":"Qual \u00e9 a diferen\u00e7a entre o alugar uma van para um fretamento cont\u00ednuo ou eventual?"},"content":{"rendered":"<p>Uma vez que um grupo de indiv\u00edduos precise de se mudar para um local, seja para viajar, turismo ou neg\u00f3cios, a melhor escolha \u00e9 o aluguel de uma van. No entanto, no momento de contatar uma empresa que presta este tipo de servi\u00e7o, as partes interessadas t\u00eam a possibilidade de se encontrarem com 2 possibilidades de alugueis: o eventual e o continuo.<\/p>\n<p><strong>O que \u00e9 o fretamento Eventual?<\/strong><\/p>\n<p>\u00c9 muito frequentemente alugado para visitas tur\u00edsticas, transfer\u00eancias entre aeroportos e hot\u00e9is, visitas \u00e0 metr\u00f3pole, bem como para eventos, confer\u00eancias e visitas culturais.<\/p>\n<p>O servi\u00e7o de fretamento eventual, como o seu nome sugere, \u00e9 contratado numa base ocasional, independentemente da dura\u00e7\u00e3o do loca\u00e7\u00e3o, exemplificado em casos de viagens longas e excurs\u00f5es, que duram bem mais de um dia.<\/p>\n<p><strong>O que \u00e9 um fretamento Cont\u00ednuo?<\/strong><\/p>\n<p>O fretamento cont\u00ednuo destina-se ao transporte de empregados de ind\u00fastrias, centros comerciais, escolas, universidades, trabalhadores em regi\u00f5es rurais, sendo a carta realizada por entidades jur\u00eddicas.<\/p>\n<p>Uma vez que \u00e9 personalizado de acordo com as necessidades da organiza\u00e7\u00e3o de contrata\u00e7\u00e3o, tais como o percurso que a van far\u00e1 para recolher e deixar todos os empregados, o fretamento cont\u00ednuo necessita de um contrato assinado entre a organiza\u00e7\u00e3o de fretamento e a organiza\u00e7\u00e3o de contrata\u00e7\u00e3o.<\/p>\n<p><strong>Qual \u00e9 a diferen\u00e7a entre estes tipos de fretamento?<\/strong><\/p>\n<p>Os dois tipos de fretamento de vans t\u00eam a possibilidade de contratar numa empresa espec\u00edfica para este servi\u00e7o.<\/p>\n<p>Uma vez que \u00e9 necess\u00e1rio contratar um servi\u00e7o deste tipo, o mais importante \u00e9 procurar uma empresa que garanta uma viagem tranquila, que se comprometa a transportar indiv\u00edduos com estabilidade e tranquilidade, independentemente do tipo de fretamento de van escolhido.<\/p>\n","protected":false},"excerpt":{"rendered":"<p>Uma vez que um grupo de indiv\u00edduos precise de se mudar para um local, seja para viajar, turismo ou neg\u00f3cios, [&hellip;]<\/p>\n","protected":false},"author":1,"featured_media":7133,"comment_status":"open","ping_status":"open","sticky":false,"template":"elementor_canvas","format":"standard","meta":{"site-sidebar-layout":"default","site-content-layout":"","ast-site-content-layout":"default","site-content-style":"default","site-sidebar-style":"default","ast-global-header-display":"","ast-banner-title-visibility":"","ast-main-header-display":"","ast-hfb-above-header-display":"","ast-hfb-below-header-display":"","ast-hfb-mobile-header-display":"","site-post-title":"","ast-breadcrumbs-content":"","ast-featured-img":"","footer-sml-layout":"","ast-disable-related-posts":"","theme-transparent-header-meta":"","adv-header-id-meta":"","stick-header-meta":"","header-above-stick-meta":"","header-main-stick-meta":"","header-below-stick-meta":"","astra-migrate-meta-layouts":"default","ast-page-background-enabled":"default","ast-page-background-meta":{"desktop":{"background-color":"var(--ast-global-color-5)","background-image":"","background-repeat":"repeat","background-position":"center center","background-size":"auto","background-attachment":"scroll","background-type":"","background-media":"","overlay-type":"","overlay-color":"","overlay-opacity":"","overlay-gradient":""},"tablet":{"background-color":"","background-image":"","background-repeat":"repeat","background-position":"center center","background-size":"auto","background-attachment":"scroll","background-type":"","background-media":"","overlay-type":"","overlay-color":"","overlay-opacity":"","overlay-gradient":""},"mobile":{"background-color":"","background-image":"","background-repeat":"repeat","background-position":"center center","background-size":"auto","background-attachment":"scroll","background-type":"","background-media":"","overlay-type":"","overlay-color":"","overlay-opacity":"","overlay-gradient":""}},"ast-content-background-meta":{"desktop":{"background-color":"var(--ast-global-color-4)","background-image":"","background-repeat":"repeat","background-position":"center center","background-size":"auto","background-attachment":"scroll","background-type":"","background-media":"","overlay-type":"","overlay-color":"","overlay-opacity":"","overlay-gradient":""},"tablet":{"background-color":"var(--ast-global-color-4)","background-image":"","background-repeat":"repeat","background-position":"center center","background-size":"auto","background-attachment":"scroll","background-type":"","background-media":"","overlay-type":"","overlay-color":"","overlay-opacity":"","overlay-gradient":""},"mobile":{"background-color":"var(--ast-global-color-4)","background-image":"","background-repeat":"repeat","background-position":"center center","background-size":"auto","background-attachment":"scroll","background-type":"","background-media":"","overlay-type":"","overlay-color":"","overlay-opacity":"","overlay-gradient":""}},"footnotes":""},"categories":[70],"tags":[],"class_list":["post-7147","post","type-post","status-publish","format-standard","has-post-thumbnail","hentry","category-granprime-vans"],"_links":{"self":[{"href":"https:\/\/www.granprimevans.com.br\/wp-json\/wp\/v2\/posts\/7147","targetHints":{"allow":["GET"]}}],"collection":[{"href":"https:\/\/www.granprimevans.com.br\/wp-json\/wp\/v2\/posts"}],"about":[{"href":"https:\/\/www.granprimevans.com.br\/wp-json\/wp\/v2\/types\/post"}],"author":[{"embeddable":true,"href":"https:\/\/www.granprimevans.com.br\/wp-json\/wp\/v2\/users\/1"}],"replies":[{"embeddable":true,"href":"https:\/\/www.granprimevans.com.br\/wp-json\/wp\/v2\/comments?post=7147"}],"version-history":[{"count":2,"href":"https:\/\/www.granprimevans.com.br\/wp-json\/wp\/v2\/posts\/7147\/revisions"}],"predecessor-version":[{"id":7757,"href":"https:\/\/www.granprimevans.com.br\/wp-json\/wp\/v2\/posts\/7147\/revisions\/7757"}],"wp:featuredmedia":[{"embeddable":true,"href":"https:\/\/www.granprimevans.com.br\/wp-json\/wp\/v2\/media\/7133"}],"wp:attachment":[{"href":"https:\/\/www.granprimevans.com.br\/wp-json\/wp\/v2\/media?parent=7147"}],"wp:term":[{"taxonomy":"category","embeddable":true,"href":"https:\/\/www.granprimevans.com.br\/wp-json\/wp\/v2\/categories?post=7147"},{"taxonomy":"post_tag","embeddable":true,"href":"https:\/\/www.granprimevans.com.br\/wp-json\/wp\/v2\/tags?post=7147"}],"curies":[{"name":"wp","href":"https:\/\/api.w.org\/{rel}","templated":true}]}}